{"id":2169,"date":"2024-09-07T14:04:23","date_gmt":"2024-09-07T12:04:23","guid":{"rendered":"https:\/\/kreartief.de\/?p=2169"},"modified":"2024-09-07T14:04:24","modified_gmt":"2024-09-07T12:04:24","slug":"der-realitaet-ins-auge-schauen","status":"publish","type":"post","link":"https:\/\/kreartief.de\/?p=2169","title":{"rendered":"Der Realit\u00e4t ins Auge schauen"},"content":{"rendered":"\n<p>Nach vielen hin und her ist es wohl von Vernunft sich der Realit\u00e4t zu stellen.<br>Die Gesundheit und das k\u00f6reperlich befinden sind ganz klar gegen eine weitere Bandarbeit. Ich habe noch bei den letzten Aufnahmen geholfen die mittlerweile auf vielen Streamingplattformen zu h\u00f6ren sind. Die Aufnahmen habe ich aber auch schon zu Hause durchf\u00fchren d\u00fcrfen, da f\u00fcr mich alles Andere keinen Sinn gemacht h\u00e4tte. Nur ist es ja auch quatsch sich neuen Songs zu widmen, die ich live nicht mehr performen kann. Das ganze ist kein rumgheule, schlicht die Realit\u00e4t. Klar fehlt mir die Bandarbeit und das live spielen. Nur wenn der Preis so hoch ist lasse ich es lieber. Man sollte der Realit\u00e4t schon offen und ehrlich in die Augen schauen. Au\u00dferdem bin ich von der Band ja nicht ausgel\u00f6scht worden. Dazu kommt noch, dass ich einen netten Nachfolger habe, as mich pers\u00f6nlich freut. Ich nutze jetzt die Zeit um arbeite digital weiter, dass musizieren wird immer weniger.<br>Aber aus ergotherapeutischen Gr\u00fcnden muss und werde ich Bassspielerisch dabei bleiben.<\/p>\n\n\n\n<p>Hoffentlch kommen die Jungs von Weather Change noch viel weiter, ich w\u00fcnche es ihnen jedenfalls nur das Beste.<\/p>\n\n\n\n<p>So, jetzt versuche ich weiter zu remixen, das macht mir auch Spa\u00df. Das ist ja auch alles was z\u00e4hlt, dass man Spa\u00df hat.<\/p>\n","protected":false},"excerpt":{"rendered":"<p>Nach vielen hin und her ist es wohl von Vernunft sich der Realit\u00e4t zu stellen.Die Gesundheit und das k\u00f6reperlich befinden [&hellip;]<\/p>\n","protected":false},"author":1,"featured_media":0,"comment_status":"closed","ping_status":"open","sticky":false,"template":"","format":"standard","meta":{"ngg_post_thumbnail":0,"_jetpack_memberships_contains_paid_content":false,"footnotes":""},"categories":[7],"tags":[],"class_list":["post-2169","post","type-post","status-publish","format-standard","hentry","category-news"],"jetpack_sharing_enabled":true,"jetpack_featured_media_url":"","_links":{"self":[{"href":"https:\/\/kreartief.de\/index.php?rest_route=\/wp\/v2\/posts\/2169","targetHints":{"allow":["GET"]}}],"collection":[{"href":"https:\/\/kreartief.de\/index.php?rest_route=\/wp\/v2\/posts"}],"about":[{"href":"https:\/\/kreartief.de\/index.php?rest_route=\/wp\/v2\/types\/post"}],"author":[{"embeddable":true,"href":"https:\/\/kreartief.de\/index.php?rest_route=\/wp\/v2\/users\/1"}],"replies":[{"embeddable":true,"href":"https:\/\/kreartief.de\/index.php?rest_route=%2Fwp%2Fv2%2Fcomments&post=2169"}],"version-history":[{"count":1,"href":"https:\/\/kreartief.de\/index.php?rest_route=\/wp\/v2\/posts\/2169\/revisions"}],"predecessor-version":[{"id":2183,"href":"https:\/\/kreartief.de\/index.php?rest_route=\/wp\/v2\/posts\/2169\/revisions\/2183"}],"wp:attachment":[{"href":"https:\/\/kreartief.de\/index.php?rest_route=%2Fwp%2Fv2%2Fmedia&parent=2169"}],"wp:term":[{"taxonomy":"category","embeddable":true,"href":"https:\/\/kreartief.de\/index.php?rest_route=%2Fwp%2Fv2%2Fcategories&post=2169"},{"taxonomy":"post_tag","embeddable":true,"href":"https:\/\/kreartief.de\/index.php?rest_route=%2Fwp%2Fv2%2Ftags&post=2169"}],"curies":[{"name":"wp","href":"https:\/\/api.w.org\/{rel}","templated":true}]}}